{"id":128,"date":"2017-12-14T09:40:40","date_gmt":"2017-12-14T08:40:40","guid":{"rendered":"http:\/\/www.audioag.com\/wordpress\/?p=128"},"modified":"2017-12-18T11:40:50","modified_gmt":"2017-12-18T10:40:50","slug":"adi-2-pro-anniversary-edition","status":"publish","type":"post","link":"https:\/\/www.audioag.com\/wordpress\/de\/2017\/12\/14\/adi-2-pro-anniversary-edition\/","title":{"rendered":"ADI-2 DAC"},"content":{"rendered":"<div class=\"float-right ml30\">\n<h2 class=\"blue\">12\/2017 RME pr\u00e4sentiert den ADI-2 DAC<\/h2>\n<div class=\"float-right  ml30\">\n<p><a href=\"http:\/\/www.rme-audio.de\/products\/adi_2-dac.php\"><img decoding=\"async\" class=\"newsimage\" title=\"ADI-2 DAC\" src=\"http:\/\/www.rme-audio.de\/images\/products\/adi-2_dac_sm.jpg\" width=\"230\" border=\"0\" \/><\/a><\/p>\n<\/div>\n<p>Im Jahr 2016 ver\u00f6ffentlichte RME den ADI-2 Pro. Mit vielen frischen Ideen, innovativen Features und zahlreichen n\u00fctzlichen Funktionen hat er seitdem die AD\/DA-Wandlerszene aufgerollt, und wurde schnell zur Referenz f\u00fcr AD- und DA-Wandlung. Um die Heim- und HiFi-Nutzer noch besser anzusprechen, ersetzte RME einige der Studio- Funktionen mit typischen Merkmalen von HiFi-Ger\u00e4ten. Ausgestattet mit einem sowohl angepassten als auch erweiterten Funktionsumfang und einer vereinfachten Bedienung pr\u00e4sentiert RME nun den ADI-2 DAC.<\/p>\n<p><a class=\"link2\" href=\"http:\/\/www.rme-audio.de\/products\/adi_2-dac.php\">Mehr \u00fcber den ADI-2 DAC<\/a><\/p>\n<\/div>\n<p>&nbsp;<\/p>\n","protected":false},"excerpt":{"rendered":"<p>12\/2017 RME pr\u00e4sentiert den ADI-2 DAC Im Jahr 2016 ver\u00f6ffentlichte RME den ADI-2 Pro. Mit vielen frischen Ideen, innovativen Features und zahlreichen n\u00fctzlichen Funktionen hat er seitdem die AD\/DA-Wandlerszene aufgerollt, und wurde schnell zur Referenz f\u00fcr AD- und DA-Wandlung. Um die Heim- und HiFi-Nutzer noch besser anzusprechen, ersetzte RME einige der Studio- Funktionen mit typischen &hellip; <\/p>\n<p class=\"link-more\"><a href=\"https:\/\/www.audioag.com\/wordpress\/de\/2017\/12\/14\/adi-2-pro-anniversary-edition\/\" class=\"more-link\"><span class=\"screen-reader-text\">\u201eADI-2 DAC\u201c<\/span> weiterlesen<\/a><\/p>\n","protected":false},"author":1,"featured_media":0,"comment_status":"open","ping_status":"open","sticky":false,"template":"","format":"standard","meta":[],"categories":[7],"tags":[],"_links":{"self":[{"href":"https:\/\/www.audioag.com\/wordpress\/wp-json\/wp\/v2\/posts\/128"}],"collection":[{"href":"https:\/\/www.audioag.com\/wordpress\/wp-json\/wp\/v2\/posts"}],"about":[{"href":"https:\/\/www.audioag.com\/wordpress\/wp-json\/wp\/v2\/types\/post"}],"author":[{"embeddable":true,"href":"https:\/\/www.audioag.com\/wordpress\/wp-json\/wp\/v2\/users\/1"}],"replies":[{"embeddable":true,"href":"https:\/\/www.audioag.com\/wordpress\/wp-json\/wp\/v2\/comments?post=128"}],"version-history":[{"count":4,"href":"https:\/\/www.audioag.com\/wordpress\/wp-json\/wp\/v2\/posts\/128\/revisions"}],"predecessor-version":[{"id":303,"href":"https:\/\/www.audioag.com\/wordpress\/wp-json\/wp\/v2\/posts\/128\/revisions\/303"}],"wp:attachment":[{"href":"https:\/\/www.audioag.com\/wordpress\/wp-json\/wp\/v2\/media?parent=128"}],"wp:term":[{"taxonomy":"category","embeddable":true,"href":"https:\/\/www.audioag.com\/wordpress\/wp-json\/wp\/v2\/categories?post=128"},{"taxonomy":"post_tag","embeddable":true,"href":"https:\/\/www.audioag.com\/wordpress\/wp-json\/wp\/v2\/tags?post=128"}],"curies":[{"name":"wp","href":"https:\/\/api.w.org\/{rel}","templated":true}]}}